{"id":1022,"date":"2021-01-10T13:01:41","date_gmt":"2021-01-10T12:01:41","guid":{"rendered":"https:\/\/www.hukvaldskypotlach.cz\/?p=1022"},"modified":"2024-09-28T16:37:40","modified_gmt":"2024-09-28T14:37:40","slug":"tri-vykricniky","status":"publish","type":"post","link":"https:\/\/www.hukvaldskypotlach.cz\/index.php\/2021\/01\/10\/tri-vykricniky\/","title":{"rendered":"2021 T\u0159i Vyk\u0159i\u010dn\u00edky \u2013 razovit\u00e1 hudba z Ostravy, Bo !!!"},"content":{"rendered":"\n<p>T\u0159i Vyk\u0159i\u010dn\u00edky!!! R\u00e1zovit\u00e1 ostravsk\u00e1 hudba, osobit\u00fd humor, dobr\u00e1 n\u00e1lada, v\u017edy skv\u011bl\u00e1 atmosf\u00e9ra a v\u011b\u010dn\u011b rozlad\u011bn\u00e1 kytara, ladn\u00fd zvuk akordeonu\u2026 TO jsou oni \u2013 T\u0159i Vyk\u0159i\u010dn\u00edky!!! <\/p>\n\n\n\n<p>Mlad\u00e1 ostravsk\u00e1 kapela p\u016fsob\u00ed na sc\u00e9n\u011b od roku 2016 a sna\u017e\u00ed se prosadit svou vlastn\u00ed tvorbu. D\u00e1le maj\u00ed v reperto\u00e1ru tak\u00e9 p\u00edsn\u011b ostravsk\u00e9ho barda Jarka Nohavici. P\u00edsn\u011b tohoto ostravsk\u00e9ho p\u00edsni\u010dk\u00e1\u0159e je bav\u00ed, inspiruj\u00ed a hlavn\u011b napl\u0148uj\u00ed hudbou, kterou maj\u00ed r\u00e1di. Funguje mezi nimi vz\u00e1jemn\u00e1 symbi\u00f3za, nap\u0159\u00edklad p\u0159i skl\u00e1d\u00e1n\u00ed p\u00edsn\u00ed. Radek slo\u017e\u00ed slova a hudbu a Adam nap\u00ed\u0161e \u00fapravu pro akordeon a Hanka dod\u00e1 atmosf\u00e9ru, kterou skladba pot\u0159ebuje. Tato spolupr\u00e1ce funguje d\u00edky podobn\u00e9mu vkusu a citu pro hudbu, kter\u00fd maj\u00ed. <\/p>\n\n\n\n<p>R\u00e1di by i mlad\u0161\u00ed generaci sezn\u00e1mili s mnohdy opovrhovan\u00fdm stylem \u2013 folkem. T\u011b\u0161\u00ed se na V\u00e1s \u2013 Radek, Adam, Hanka, Filip a Vojta.<\/p>\n","protected":false},"excerpt":{"rendered":"<p>T\u0159i Vyk\u0159i\u010dn\u00edky!!! R\u00e1zovit\u00e1 ostravsk\u00e1 hudba, osobit\u00fd humor, dobr\u00e1 n\u00e1lada, v\u017edy skv\u011bl\u00e1 atmosf\u00e9ra a v\u011b\u010dn\u011b rozlad\u011bn\u00e1 kytara, ladn\u00fd zvuk akordeonu\u2026 TO jsou oni \u2013 T\u0159i Vyk\u0159i\u010dn\u00edky!!! Mlad\u00e1 ostravsk\u00e1 kapela p\u016fsob\u00ed na [&hellip;]<\/p>\n","protected":false},"author":1,"featured_media":1023,"comment_status":"closed","ping_status":"closed","sticky":false,"template":"","format":"standard","meta":{"_et_pb_use_builder":"off","_et_pb_old_content":"","_et_gb_content_width":"","footnotes":""},"categories":[34],"tags":[44,14],"class_list":["post-1022","post","type-post","status-publish","format-standard","has-post-thumbnail","hentry","category-vystupujici","tag-44","tag-potlach","et-has-post-format-content","et_post_format-et-post-format-standard"],"publishpress_future_action":{"enabled":false,"date":"2026-05-03 23:54:54","action":"change-status","newStatus":"draft","terms":[],"taxonomy":"category"},"publishpress_future_workflow_manual_trigger":{"enabledWorkflows":[]},"_links":{"self":[{"href":"https:\/\/www.hukvaldskypotlach.cz\/index.php\/wp-json\/wp\/v2\/posts\/1022"}],"collection":[{"href":"https:\/\/www.hukvaldskypotlach.cz\/index.php\/wp-json\/wp\/v2\/posts"}],"about":[{"href":"https:\/\/www.hukvaldskypotlach.cz\/index.php\/wp-json\/wp\/v2\/types\/post"}],"author":[{"embeddable":true,"href":"https:\/\/www.hukvaldskypotlach.cz\/index.php\/wp-json\/wp\/v2\/users\/1"}],"replies":[{"embeddable":true,"href":"https:\/\/www.hukvaldskypotlach.cz\/index.php\/wp-json\/wp\/v2\/comments?post=1022"}],"version-history":[{"count":0,"href":"https:\/\/www.hukvaldskypotlach.cz\/index.php\/wp-json\/wp\/v2\/posts\/1022\/revisions"}],"wp:featuredmedia":[{"embeddable":true,"href":"https:\/\/www.hukvaldskypotlach.cz\/index.php\/wp-json\/wp\/v2\/media\/1023"}],"wp:attachment":[{"href":"https:\/\/www.hukvaldskypotlach.cz\/index.php\/wp-json\/wp\/v2\/media?parent=1022"}],"wp:term":[{"taxonomy":"category","embeddable":true,"href":"https:\/\/www.hukvaldskypotlach.cz\/index.php\/wp-json\/wp\/v2\/categories?post=1022"},{"taxonomy":"post_tag","embeddable":true,"href":"https:\/\/www.hukvaldskypotlach.cz\/index.php\/wp-json\/wp\/v2\/tags?post=1022"}],"curies":[{"name":"wp","href":"https:\/\/api.w.org\/{rel}","templated":true}]}}