{"id":1006,"date":"2021-01-09T22:40:17","date_gmt":"2021-01-09T21:40:17","guid":{"rendered":"https:\/\/www.hukvaldskypotlach.cz\/?p=1006"},"modified":"2024-09-28T16:38:15","modified_gmt":"2024-09-28T14:38:15","slug":"marien","status":"publish","type":"post","link":"https:\/\/www.hukvaldskypotlach.cz\/index.php\/2021\/01\/09\/marien\/","title":{"rendered":"2021 Marien \u2013 hudba na pohodu"},"content":{"rendered":"\n<p>Hudebn\u00ed skupina Marien pat\u0159\u00ed k nejv\u00fdrazn\u011bj\u0161\u00edm tv\u00e1\u0159\u00edm nastupuj\u00edc\u00ed generace v \u017e\u00e1nru folkov\u00e9, country a trampsk\u00e9 hudby. Skupina se v\u011bnuje v\u00edcehlas\u00e9mu zp\u011bvu a mezi hudebn\u00edmi n\u00e1stroji p\u0159evl\u00e1daj\u00ed akustick\u00e9 kytary, ve v\u011bt\u0161in\u011b p\u00edsn\u00ed v\u0161ak m\u016f\u017eeme sly\u0161et i perkuse, fl\u00e9tny nebo foukac\u00ed harmoniku. Marien jsou trojn\u00e1sobn\u00ed dr\u017eitel\u00e9 Porty a \u0159ady dal\u0161\u00edch ocen\u011bn\u00ed, st\u00e1li u zrodu hnut\u00ed Folk \u017eije. Spolupracuj\u00ed s takov\u00fdmi folkov\u00fdmi veli\u010dinami jako Pavel \u017dalman Lohonka, Roman Hork\u00fd, Robert K\u0159es\u0165an a<br>dal\u0161\u00ed. Ka\u017ed\u00fdm rokem po\u0159\u00e1daj\u00ed kr\u00e1sn\u00fd folkov\u00fd festival Folkov\u00e9 Chvojen\u00ed a tak\u00e9 outdoorov\u00e9 koncerty konan\u00e9 na zaj\u00edmav\u00fdch m\u00edstech na\u0161\u00ed zem\u011b jako vzpom\u00ednkov\u00e9 akce na tragicky zesnul\u00e9ho \u010dlena kapely Zby\u0148ka Zub\u0159\u00edka Rosendorfa a v neposledn\u00ed<br>\u0159ad\u011b po\u0159\u00e1daj\u00ed ka\u017edoro\u010dn\u011b V\u00fdchodo\u010desk\u00e9 oblastn\u00ed kolo Porty. <\/p>\n\n\n\n<p>Kapela vydala 4 CD a jeden velk\u00fd zp\u011bvn\u00edk \u2013 jako p\u0159ekvapen\u00ed pro sv\u00e9ho kapeln\u00edka V\u00ed\u0165u Tron\u00ed\u010dka, kter\u00fd a\u017e do vyd\u00e1n\u00ed o tom nem\u011bl pon\u011bt\u00ed a bylo to p\u0159ekvapen\u00ed k jeho \u017eivotn\u00edmu jubileu.<\/p>\n","protected":false},"excerpt":{"rendered":"<p>Hudebn\u00ed skupina Marien pat\u0159\u00ed k nejv\u00fdrazn\u011bj\u0161\u00edm tv\u00e1\u0159\u00edm nastupuj\u00edc\u00ed generace v \u017e\u00e1nru folkov\u00e9, country a trampsk\u00e9 hudby. Skupina se v\u011bnuje v\u00edcehlas\u00e9mu zp\u011bvu a mezi hudebn\u00edmi n\u00e1stroji p\u0159evl\u00e1daj\u00ed akustick\u00e9 kytary, ve v\u011bt\u0161in\u011b [&hellip;]<\/p>\n","protected":false},"author":1,"featured_media":1015,"comment_status":"closed","ping_status":"closed","sticky":false,"template":"","format":"standard","meta":{"_et_pb_use_builder":"off","_et_pb_old_content":"<!-- wp:paragraph -->\n<p>Hudebn\u00ed skupina Marien pat\u0159\u00ed k nejv\u00fdrazn\u011bj\u0161\u00edm tv\u00e1\u0159\u00edm nastupuj\u00edc\u00ed generace v \u017e\u00e1nru folkov\u00e9, country a trampsk\u00e9 hudby. Skupina se v\u011bnuje v\u00edcehlas\u00e9mu zp\u011bvu a mezi hudebn\u00edmi n\u00e1stroji p\u0159evl\u00e1daj\u00ed akustick\u00e9 kytary, ve v\u011bt\u0161in\u011b p\u00edsn\u00ed v\u0161ak m\u016f\u017eeme sly\u0161et i perkuse, fl\u00e9tny nebo foukac\u00ed harmoniku. Marien jsou trojn\u00e1sobn\u00ed dr\u017eitel\u00e9 Porty a \u0159ady dal\u0161\u00edch ocen\u011bn\u00ed, st\u00e1li u zrodu hnut\u00ed Folk \u017eije. Spolupracuj\u00ed s takov\u00fdmi folkov\u00fdmi veli\u010dinami jako Pavel \u017dalman Lohonka, Roman Hork\u00fd, Robert K\u0159es\u0165an a<br>dal\u0161\u00ed. Ka\u017ed\u00fdm rokem po\u0159\u00e1daj\u00ed kr\u00e1sn\u00fd folkov\u00fd festival Folkov\u00e9 Chvojen\u00ed a tak\u00e9 outdoorov\u00e9 koncerty konan\u00e9 na zaj\u00edmav\u00fdch m\u00edstech na\u0161\u00ed zem\u011b jako vzpom\u00ednkov\u00e9 akce na tragicky zesnul\u00e9ho \u010dlena kapely Zby\u0148ka Zub\u0159\u00edka Rosendorfa a v neposledn\u00ed<br>\u0159ad\u011b po\u0159\u00e1daj\u00ed ka\u017edoro\u010dn\u011b V\u00fdchodo\u010desk\u00e9 oblastn\u00ed kolo Porty. <\/p>\n<!-- \/wp:paragraph -->\n\n<!-- wp:paragraph -->\n<p>Kapela vydala 4 CD a jeden velk\u00fd zp\u011bvn\u00edk \u2013 jako p\u0159ekvapen\u00ed pro sv\u00e9ho kapeln\u00edka V\u00ed\u0165u Tron\u00ed\u010dka, kter\u00fd a\u017e do vyd\u00e1n\u00ed o tom nem\u011bl pon\u011bt\u00ed a bylo to p\u0159ekvapen\u00ed k jeho \u017eivotn\u00edmu jubileu.<\/p>\n<!-- \/wp:paragraph -->","_et_gb_content_width":"","footnotes":""},"categories":[34],"tags":[44,14],"class_list":["post-1006","post","type-post","status-publish","format-standard","has-post-thumbnail","hentry","category-vystupujici","tag-44","tag-potlach","et-has-post-format-content","et_post_format-et-post-format-standard"],"publishpress_future_action":{"enabled":false,"date":"2026-05-06 16:04:52","action":"change-status","newStatus":"draft","terms":[],"taxonomy":"category"},"publishpress_future_workflow_manual_trigger":{"enabledWorkflows":[]},"_links":{"self":[{"href":"https:\/\/www.hukvaldskypotlach.cz\/index.php\/wp-json\/wp\/v2\/posts\/1006"}],"collection":[{"href":"https:\/\/www.hukvaldskypotlach.cz\/index.php\/wp-json\/wp\/v2\/posts"}],"about":[{"href":"https:\/\/www.hukvaldskypotlach.cz\/index.php\/wp-json\/wp\/v2\/types\/post"}],"author":[{"embeddable":true,"href":"https:\/\/www.hukvaldskypotlach.cz\/index.php\/wp-json\/wp\/v2\/users\/1"}],"replies":[{"embeddable":true,"href":"https:\/\/www.hukvaldskypotlach.cz\/index.php\/wp-json\/wp\/v2\/comments?post=1006"}],"version-history":[{"count":0,"href":"https:\/\/www.hukvaldskypotlach.cz\/index.php\/wp-json\/wp\/v2\/posts\/1006\/revisions"}],"wp:featuredmedia":[{"embeddable":true,"href":"https:\/\/www.hukvaldskypotlach.cz\/index.php\/wp-json\/wp\/v2\/media\/1015"}],"wp:attachment":[{"href":"https:\/\/www.hukvaldskypotlach.cz\/index.php\/wp-json\/wp\/v2\/media?parent=1006"}],"wp:term":[{"taxonomy":"category","embeddable":true,"href":"https:\/\/www.hukvaldskypotlach.cz\/index.php\/wp-json\/wp\/v2\/categories?post=1006"},{"taxonomy":"post_tag","embeddable":true,"href":"https:\/\/www.hukvaldskypotlach.cz\/index.php\/wp-json\/wp\/v2\/tags?post=1006"}],"curies":[{"name":"wp","href":"https:\/\/api.w.org\/{rel}","templated":true}]}}